{"id":518,"date":"2015-09-10T10:05:39","date_gmt":"2015-09-10T10:05:39","guid":{"rendered":"http:\/\/www.corsicanow.com\/fr\/?p=518"},"modified":"2017-09-01T08:51:09","modified_gmt":"2017-09-01T08:51:09","slug":"le-syndrome-du-retour","status":"publish","type":"post","link":"http:\/\/www.corsicanow.com\/fr\/le-syndrome-du-retour\/","title":{"rendered":"Le syndrome du retour"},"content":{"rendered":"<p style=\"text-align: justify;\">Tout le monde connait le PTSD, le Post-Traumatic Depression Syndrome, qu\u2019\u00e9prouvent les soldats am\u00e9ricains de retour d\u2019Afghanistan. On conna\u00eet moins le PCDS, le Post-Corsica Depression Syndrome, ou Syndrome du Retour de Corse.<\/p>\n<p style=\"text-align: justify;\">Entendons-nous bien\u00a0: le retour de vacances est difficile pour tout le monde. Il n\u2019est jamais agr\u00e9able de quitter un hamac et des tongs pour se retrouver dans un tailleur \u00e9triqu\u00e9, personne n\u2019a vraiment envie de troquer les odeurs du maquis pour celles du m\u00e9tro, \u00e0 moins d\u2019\u00eatre un serial killer qui chasse en ville. Mais quand on est Corse\u2026 quand on est Corse, mes amis, le Syndrome du Retour prend les proportions d\u2019une d\u00e9pression nerveuse. C\u2019est bien plus que le blues du businessman qui aurait voulu \u00eatre un berger. Quitter la Corse, pour un Corse, est toujours un traumatisme dont les sympt\u00f4mes s\u2019apparentent \u00e0 ceux de la d\u00e9pression, et dont les phases sont similaires \u00e0 celles du deuil.<\/p>\n<p style=\"text-align: justify;\">Alors bien s\u00fbr, il ne s\u2019agit pas du deuil r\u00e9el d\u2019un \u00eatre aim\u00e9 (quoique, dire au revoir \u00e0 des parents \u00e2g\u00e9s ou malades dont on ne sait pas dans quel \u00e9tat on les reverra s\u2019apparente dangereusement \u00e0 ce sentiment), mais du deuil sans cesse renouvel\u00e9 d\u2019une partie de soi-m\u00eame, de son identit\u00e9, de son bien-\u00eatre physique m\u00eame. On fait le deuil de tout un monde, de certaines couleurs, de certains sons, de certaines odeurs, qui sont irr\u00e9m\u00e9diablement li\u00e9s \u00e0 notre \u00e9quilibre \u00e9motionnel depuis notre naissance. Retrouver ces sons, ces odeurs et ces couleurs apr\u00e8s une p\u00e9riode d\u2019absence donne au Corse exil\u00e9 un profond sentiment de joie physique comparable \u00e0 un orgasme. Si, si: sentir le maquis en d\u00e9barquant de l\u2019avion, c\u2019est une esp\u00e8ce de jouissance. Quitter \u00e0 nouveau ces odeurs, ces couleurs et ces sons pour une longue p\u00e9riode, parfois un an ou plus, provoque une d\u00e9tresse physique et \u00e9motionnelle assez difficile \u00e0 expliquer. Alors, c&#8217;est grave docteur? Oui et non. Voici un essai de description clinique de cette \u00e9trange maladie.<\/p>\n<h3 style=\"text-align: justify;\">Les premiers sympt\u00f4mes<\/h3>\n<p style=\"text-align: justify;\">Ils apparaissent avant m\u00eame le retour\u00a0: pendant ses derniers jours de vacances, le Corse exil\u00e9 ressent d\u00e9j\u00e0 les premiers frissons du calvaire \u00e0 venir. \u00c7a commence un beau matin o\u00f9 l\u2019on se r\u00e9veille en r\u00e9alisant qu\u2019on est d\u00e9j\u00e0 tel jour, et que bient\u00f4t le d\u00e9cor qui nous entoure ne sera plus visible qu\u2019en photos coll\u00e9es au mur d\u2019un bureau. On commence \u00e0 prof\u00e9rer des phrases comme \u00ab\u00a0le temps passe trop vite\u00a0\u00bb, \u00ab\u00a0je n\u2019ai pas envie de rentrer\u00a0\u00bb, \u00ab\u00a0je ne rentre plus\u00a0!\u00a0\u00bb etc. Amis et parents bien intentionn\u00e9s se chargent aussit\u00f4t de vous rappeler qu\u2019il ne sert \u00e0 rien de g\u00e2cher les derniers jours de vacances en pensant d\u00e9j\u00e0 au retour. \u00ab\u00a0Mais profite tant que tu es ici \u00bb, \u00ab\u00a0mais n\u2019y pense pas \u00bb. Non seulement \u00e7a n\u2019aide pas du tout, mais en plus on se sent coupable et incompris.<\/p>\n<p style=\"text-align: justify;\">Les heures pr\u00e9c\u00e9dant le jour-J, le D-day du grand d\u00e9part, le malade d\u00e9sormais atteint du Syndrome du Retour entame sa Passion du Christ, un long chemin de croix qui consiste \u00e0 dire au revoir \u00e0 tous les \u00e9l\u00e9ments de sa vie corse. Frapp\u00e9 d\u2019un spleen digne d\u2019un po\u00e8te du 19<sup>e<\/sup>, il souffre comme J\u00e9sus au Jardin des Oliviers. Tel un condamn\u00e9 \u00e0 mort, il erre dans le d\u00e9cor, la boule au ventre, la gorge nou\u00e9e, pour faire ses adieux. Derni\u00e8re fois \u00e0 la rivi\u00e8re, dernier bain sur la plage pr\u00e9f\u00e9r\u00e9e, derniers oursins p\u00each\u00e9s avec l\u2019oncle, derni\u00e8re visite \u00e0 l\u2019ami d\u2019enfance, derni\u00e8re marche autour du village, dernier coucher de soleil sur la mer, dernier clair de lune sur la montagne.<\/p>\n<h3 style=\"text-align: justify;\">Le jour J<\/h3>\n<p style=\"text-align: justify;\">Le jour de la crucifixion arrive enfin: ce jour o\u00f9 le Corse se r\u00e9veille sur sa terre natale pour se coucher ailleurs. Ce jour-l\u00e0 fait automatiquement partie du top 5 des pires jours de l\u2019ann\u00e9e, des vraies journ\u00e9es VDM, sans discussion possible. C\u2019est une loi de la nature, et le malade du Syndrome du Retour sait que rien ne pourra y changer quoi que ce soit, malgr\u00e9 les bonnes intentions et les conseils de tout le monde.<\/p>\n<p style=\"text-align: justify;\">Ce jour-l\u00e0, la boule au ventre et le n\u0153ud \u00e0 la gorge grossissent au fur et \u00e0 mesure du remplissage de la valise. Le calvaire atteint son apog\u00e9e \u00e0 l\u2019a\u00e9roport ou au port. Le malade r\u00e9ussit \u00e0 maintenir un visage impassible jusqu\u2019apr\u00e8s le d\u00e9part, pour ne pas inqui\u00e9ter davantage sa m\u00e8re qui pleure ou son p\u00e8re qui a soudain l\u2019air d\u2019avoir pris dix ans. Au moment o\u00f9 les c\u00f4tes s\u2019\u00e9loignent \u00e0 l\u2019horizon, o\u00f9 l\u2019avion monte au-dessus des montagnes, la digue l\u00e2che et le malade pleure comme un enfant, quel que soit son \u00e2ge. Celui qui prend le bateau contemple les montagnes et les c\u00f4tes qui s\u2019\u00e9loignent inexorablement et ressent comme un lent arrachement de peau, centim\u00e8tre par centim\u00e8tre. Celui qui prend l\u2019avion regarde son \u00eele devenir de plus en plus petite, comme si cette terre sur laquelle il est n\u00e9 n\u2019avait \u00e9t\u00e9 qu\u2019un r\u00eave. Il pense que l\u00e0-bas, entre ces deux montagnes maintenant minuscules, se trouve son village, et la tombe de son grand-p\u00e8re, \u00e0 moins qu\u2019il n\u2019ait r\u00eav\u00e9 tout cela. Et il se souvient que ce grand-p\u00e8re lui disait \u00ab\u00a0partir, c\u2019est mourir un peu\u00a0\u00bb. Merci Babbo\u2019, malheureusement j\u2019ai bien retenu la le\u00e7on.<\/p>\n<p style=\"text-align: justify;\">Les phases successives de la maladie sont comparables \u00e0 celles du dueil.<\/p>\n<h3 style=\"text-align: justify;\">Le d\u00e9ni<\/h3>\n<p style=\"text-align: justify;\">Le premier soir, victime d\u2019un effroyable jet-lag comme s\u2019il revenait du bout du monde, le malade se couche \u00e0 9h, terrass\u00e9 par une fatigue autant \u00e9motionnelle que physique. Dormir pour oublier o\u00f9 l\u2019on est. Les jours suivants, on vit dans une esp\u00e8ce de brouillard, dans un \u00e9tat comateux. C\u2019est un mauvais r\u00eave, je vais me r\u00e9veiller au village, j\u2019ouvrirai la fen\u00eatre sur la montagne nimb\u00e9e de soleil, et non pas le mur d\u2019en face. On me parle, mais je ne comprends pas ce qu\u2019on me dit. Comment \u00e7a, une r\u00e9union sur le dossier Machin\u00a0? Mais demain je vais \u00e0 la plage, moi, \u00e7a va pas ou quoi\u00a0!<\/p>\n<h3 style=\"text-align: justify;\">La col\u00e8re<\/h3>\n<p style=\"text-align: justify;\">La phase 2 est celle de la col\u00e8re, du \u00ab\u00a0qu\u2019est-ce que je fous l\u00e0\u00a0??\u00a0\u00bb La col\u00e8re est d\u2019abord dirig\u00e9e contre soi-m\u00eame. Le malade s\u2019accable de reproches, remet en question ses choix de vie. La vie aurait \u00e9t\u00e9 plus simple si j\u2019avais \u00e9pous\u00e9 un type de mon village et fait trois beaux enfants \u00e9lev\u00e9s au lait de ch\u00e8vre, quel besoin avais-je de crapahuter ailleurs et d\u2019aller me fourrer dans un job nul dans une ville de merde\u00a0? Tout est de ma faute. Et puis c\u2019est de la faute des politiques corrompus, maudits soient ils\u00a0: s\u2019il y avait plus de boulot en Corse, je ne serais pas forc\u00e9e de bosser \u00e0 Paris. Et puis pourquoi les jobs en Europe sont-ils tous entre Amsterdam et Londres au lieu de Rome et Madrid\u00a0? Pourquoi la sant\u00e9 de l\u2019\u00e9conomie d\u2019un pays est-elle toujours disproportionnelle \u00e0 l\u2019ensoleillement\u00a0? Putain mais qu\u2019est-ce que je fous l\u00e0, dans cet embouteillage de merde sous ce ciel sale, alors qu\u2019\u00e0 cette heure je pourrais \u00eatre tranquillement en train de manger des fritelle en regardant le soleil se coucher\u2026<\/p>\n<h3 style=\"text-align: justify;\">La n\u00e9gociation<\/h3>\n<p style=\"text-align: justify;\">Pris d\u2019une soudaine et trompeuse bouff\u00e9e d\u2019espoir, le malade se met \u00e0 \u00e9chafauder des plans sur la com\u00e8te. Si je gagne au Loto vendredi, je peux quitter mon job et revenir vivre au pays. Si je convaincs mon ch\u00e9ri d\u2019abandonner son job bien pay\u00e9 pour s\u2019installer en freelance, c\u2019est jouable. En plus, on n\u2019aura pas de loyer \u00e0 payer. Ok, il faudra se taper ma m\u00e8re tous les jours, mais je peux la g\u00e9rer maintenant, je suis grande. Si, si, si\u2026 Lorsque ces ch\u00e2teaux en Espagne s\u2019effondrent, le malade est pr\u00eat pour la phase 4.<\/p>\n<h3 style=\"text-align: justify;\">La d\u00e9pression<\/h3>\n<p style=\"text-align: justify;\">Manger des canistrelli avachi sur le canap\u00e9 en regardant en boucle les photos de la plage, de la f\u00eate du village, de l\u2019anniversaire du grand-p\u00e8re. Ressasser les maigres souvenirs qui doivent durer des mois. Vivre dans le pass\u00e9.<\/p>\n<p style=\"text-align: justify;\">Au cours de cette phase, il arrive un moment o\u00f9 le malade \u00e9prouve le besoin de s\u2019ouvrir aux autres, pour se d\u00e9charger un peu de son fardeau. Avec l\u2019espoir vain d\u2019obtenir un peu de compassion, on tente timidement une allusion path\u00e9tique \u00e0 la souffrance qui nous accable, souvent sur le ton de la semi-plaisanterie. Malheureusement, c\u2019est une tr\u00e8s mauvaise id\u00e9e qui nous expose \u00e0 des r\u00e9flexions compl\u00e8tement \u00e0 c\u00f4t\u00e9 de la plaque, dont voici un petit br\u00e9viaire:<\/p>\n<ul>\n<li style=\"text-align: justify;\">\u00ab\u00a0sois contente d\u2019\u00eatre partie en vacances au moins\u00a0! \u00bb , ass\u00e9n\u00e9 par un aigri qui voit la corsitude comme un bonus injuste qui donne des vacances \u00e0 la mer gratuites;<\/li>\n<li style=\"text-align: justify;\">\u00ab\u00a0mais si tu es si mal ici, pourquoi tu ne t\u2019en vas pas\u00a0?\u00a0\u00bb, prononc\u00e9 d\u2019un ton \u00e9nerv\u00e9 par un chauvin qui prend votre mal-\u00eatre comme une offense personnelle envers sa ville\u00a0;<\/li>\n<li style=\"text-align: justify;\">\u00ab\u00a0toutes les bonnes choses ont une fin, il faut savoir s\u2019adapter \u00bb, \u00e9nonc\u00e9 sur un ton docte par quelqu\u2019un qui n\u2019a pas la moindre id\u00e9e de ce que vous traversez, parce que pour lui, le retour de vacances signifie seulement le retour au travail, il vous prend donc pour un simple glandeur qui est d\u00e9j\u00e0 fatigu\u00e9 \u00e0 peine rentr\u00e9. D&#8217;ailleurs vous \u00eates Corse, pour lui c\u2019est parfaitement logique.<\/li>\n<\/ul>\n<p style=\"text-align: justify;\">Quant au m\u00e9decin, il tirera les m\u00eames conclusions. Si d\u00e9primez parce que votre poisson rouge est mort, on vous donne un petit remontant. Si vous d\u00e9primez parce que vous rentrez de Corse, on vous rit au nez et on vous prend pour une grosse feignasse.<\/p>\n<p style=\"text-align: justify;\">Non, d\u00e9cid\u00e9ment la souffrance du malade en plein Syndrome du Retour de Corse est une souffrance solitaire dont l\u2019expression n\u2019engendre qu\u2019incompr\u00e9hension, moquerie ou m\u00e9pris. Seuls ceux atteints du m\u00eame mal sont capables d\u2019apporter au malade un baume sur sa plaie \u00e0 vif. Alors on se fait une petite soir\u00e9e nostalgie entre Corses, et on parle du pays autour d\u2019une liqueur de myrte ramen\u00e9e dans les bagages. Avec les autres, on fait semblant.<\/p>\n<p style=\"text-align: justify;\">Quand on a travers\u00e9 toutes ces phases, on est cens\u00e9 entrer dans la phase 5:<\/p>\n<h3 style=\"text-align: justify;\">L&#8217;acceptation<\/h3>\n<p style=\"text-align: justify;\">On met un pull et des chaussettes mi-Septembre, sans plus penser qu\u2019au pays, les gens se baignent encore, surtout maintenant que la plage s\u2019est vid\u00e9e des touristes\u00a0; on allume la lumi\u00e8re \u00e0 7h du soir dans le salon pour pouvoir lire, sans plus penser qu\u2019au pays, il y a encore une bonne heure avant le coucher du soleil rouge sur la mer, qui va peindre le ciel en nuances de rose. On ach\u00e8te des l\u00e9gumes et des fruits au supermarch\u00e9, sans plus penser qu\u2019au pays, les tomates viendraient du jardin de maman, pas d\u2019une serre hollandaise, et elles seraient grosses comme \u00e7a avec un vrai go\u00fbt de soleil. Le calendrier passe. La roue tourne. La vie continue loin des c\u00f4tes corses. Et puis un jour, il est temps d\u2019acheter les billets du prochain retour\u00a0; un fr\u00e9missement saisit l\u2019exil\u00e9, il ach\u00e8te ses billets avec la ferveur religieuse d\u2019un catholique qui va voir le Pape et l\u2019excitation d\u2019un fan avant un concert de son idole, le \u00ab\u00a0clic\u00a0\u00bb sur internet lui redonne soudain un go\u00fbt de vivre extraordinaire, il se surprend \u00e0 compter les jours\u2026 et tout recommence \u00e0 z\u00e9ro.<\/p>\n<p style=\"text-align: justify;\">\n<p style=\"text-align: justify;\">\n<p style=\"text-align: justify;\">\n<p style=\"text-align: justify;\">\n<p style=\"text-align: justify;\">\n<p style=\"text-align: justify;\">\n<p style=\"text-align: justify;\">\n","protected":false},"excerpt":{"rendered":"<p>Tout le monde connait le PTSD, le Post-Traumatic Depression Syndrome, qu\u2019\u00e9prouvent les soldats am\u00e9ricains de retour d\u2019Afghanistan. On conna\u00eet moins le PCDS, le Post-Corsica Depression Syndrome, ou Syndrome du Retour de Corse. Entendons-nous bien\u00a0: le retour de vacances est difficile pour tout le monde. Il n\u2019est jamais agr\u00e9able de quitter un hamac et des tongs [&hellip;]<\/p>\n","protected":false},"author":2,"featured_media":572,"comment_status":"open","ping_status":"open","sticky":false,"template":"","format":"standard","meta":{"_mi_skip_tracking":false,"_genesis_hide_title":false,"_genesis_hide_breadcrumbs":false,"_genesis_hide_singular_image":false,"_genesis_hide_footer_widgets":false,"_genesis_custom_body_class":"","_genesis_custom_post_class":"","_genesis_layout":"","spay_email":"","jetpack_publicize_message":"","jetpack_is_tweetstorm":false,"jetpack_publicize_feature_enabled":true},"categories":[7],"tags":[],"jetpack_featured_media_url":"http:\/\/www.corsicanow.com\/wp-content\/uploads\/2015\/09\/file0001711040321.jpg","jetpack_publicize_connections":[],"jetpack_sharing_enabled":true,"jetpack_shortlink":"https:\/\/wp.me\/p5WyT4-8m","jetpack-related-posts":[{"id":486,"url":"http:\/\/www.corsicanow.com\/fr\/12-facons-denerver-un-corse\/","url_meta":{"origin":518,"position":0},"title":"12 fa\u00e7ons d\u2019\u00e9nerver un Corse","date":"August 31, 2015","format":false,"excerpt":"Les clich\u00e9s ont la peau dure ; beaucoup de gens sont persuad\u00e9s que les Corses ont le sang chaud et s\u2019offensent pour un rien. Ce n\u2019est bien s\u00fbr qu\u2019une image d\u2019Epinal, mais si vous voulez \u00e9nerver un Corse, vous pouvez toujours tenter une des m\u00e9thodes suivantes. 1. Demander au serveur\u2026","rel":"","context":"In &quot;blog&quot;","img":{"alt_text":"","src":"https:\/\/i0.wp.com\/www.corsicanow.com\/wp-content\/uploads\/2015\/03\/angry-corsican.jpg?resize=350%2C200","width":350,"height":200},"classes":[]},{"id":495,"url":"http:\/\/www.corsicanow.com\/fr\/signes-que-tu-es-corse\/","url_meta":{"origin":518,"position":1},"title":"Signes que tu es Corse","date":"September 9, 2015","format":false,"excerpt":"Tu comptes les distances en heures, pas en kilom\u00e8tres: tu ne dis donc pas \u00ab mon village est \u00e0 trente kilom\u00e8tres d\u2019Ajaccio \u00bb, mais \u00ab mon village est \u00e0 une heure d\u2019Ajaccio \u00bb. Oui, parce que sur les routes corses, particuli\u00e8rement quand les touristes se trainent dessus \u00e0 trente \u00e0\u2026","rel":"","context":"In &quot;blog&quot;","img":{"alt_text":"","src":"https:\/\/i0.wp.com\/www.corsicanow.com\/wp-content\/uploads\/2015\/04\/DSCN0698.jpg?resize=350%2C200","width":350,"height":200},"classes":[]},{"id":648,"url":"http:\/\/www.corsicanow.com\/fr\/sur-les-sommets-corses-le-gr20\/","url_meta":{"origin":518,"position":2},"title":"Sur les sommets corses: le GR20","date":"July 16, 2017","format":false,"excerpt":"La Corse, ce n\u2019est pas que la plage et le soleil, mais bien aussi et avant tout la montagne. Elle se distingue des autres \u00eeles de M\u00e9diterran\u00e9e par la hauteur et la taille de ses massifs. Le Monte Cinto (Monte Cintu en corse) culmine \u00e0 2706m. Notre \u00eele est avant\u2026","rel":"","context":"In &quot;blog&quot;","img":{"alt_text":"","src":"https:\/\/i0.wp.com\/www.corsicanow.com\/wp-content\/uploads\/2018\/07\/1930544_31853071825_3128_n.jpg?resize=350%2C200","width":350,"height":200},"classes":[]},{"id":469,"url":"http:\/\/www.corsicanow.com\/fr\/4-choses-que-vous-ne-vous-attendiez-pas-a-faire-en-corse\/","url_meta":{"origin":518,"position":3},"title":"4 choses que vous ne vous attendiez pas \u00e0 faire en Corse","date":"August 29, 2015","format":false,"excerpt":"1. Du surf La M\u00e9diterran\u00e9e, ce n\u2019est pas toujours le calme plat. Dommage pour les petites natures qui ont le mal de mer comme moi. Par grand vent, vous pouvez m\u00eame faire un peu de surf ! La plage des surfeurs en Corse, c\u2019est Capo di Feno, au nord d\u2019Ajaccio.\u2026","rel":"","context":"In &quot;blog&quot;","img":{"alt_text":"MontedOru3","src":"https:\/\/i0.wp.com\/www.corsicanow.com\/wp-content\/uploads\/2015\/03\/MontedOru3.jpg?resize=350%2C200","width":350,"height":200},"classes":[]},{"id":479,"url":"http:\/\/www.corsicanow.com\/fr\/10-choses-a-faire-en-corse\/","url_meta":{"origin":518,"position":4},"title":"10 choses \u00e0 faire en Corse","date":"August 29, 2015","format":false,"excerpt":"Par o\u00f9 commencer ? il y a tout en Corse : la mer, la montagne et le reste. Voici une liste de choses qu\u2019il faut absolument faire en Corse : 1. Conduire Vous aurez besoin d\u2019une voiture en Corse. Tout d\u2019abord parce que les transports publics sont quasi-inexistants, mais surtout\u2026","rel":"","context":"In &quot;blog&quot;","img":{"alt_text":"","src":"https:\/\/i0.wp.com\/www.corsicanow.com\/wp-content\/uploads\/2015\/03\/prato.jpg?resize=350%2C200","width":350,"height":200},"classes":[]},{"id":508,"url":"http:\/\/www.corsicanow.com\/fr\/corte\/","url_meta":{"origin":518,"position":5},"title":"Corte","date":"September 9, 2015","format":false,"excerpt":"Corte (Corti en Corse) se situe au coeur de l'\u00eele, tout pr\u00e8s de ses plus hauts sommets, \u00e0 mi-distance entre Bastia et Ajaccio. Corte fut la capitale de la Corse durant la pr\u00e8ve p\u00e9riode de l'ind\u00e9pendance. Elle a donc un caract\u00e8re sp\u00e9cial pour les Corses. C'est une oetite ville tr\u00e8s\u2026","rel":"","context":"In &quot;Destinations&quot;","img":{"alt_text":"","src":"https:\/\/i0.wp.com\/www.corsicanow.com\/wp-content\/uploads\/2015\/03\/corte.jpg?resize=350%2C200","width":350,"height":200},"classes":[]}],"_links":{"self":[{"href":"http:\/\/www.corsicanow.com\/fr\/wp-json\/wp\/v2\/posts\/518"}],"collection":[{"href":"http:\/\/www.corsicanow.com\/fr\/wp-json\/wp\/v2\/posts"}],"about":[{"href":"http:\/\/www.corsicanow.com\/fr\/wp-json\/wp\/v2\/types\/post"}],"author":[{"embeddable":true,"href":"http:\/\/www.corsicanow.com\/fr\/wp-json\/wp\/v2\/users\/2"}],"replies":[{"embeddable":true,"href":"http:\/\/www.corsicanow.com\/fr\/wp-json\/wp\/v2\/comments?post=518"}],"version-history":[{"count":1,"href":"http:\/\/www.corsicanow.com\/fr\/wp-json\/wp\/v2\/posts\/518\/revisions"}],"predecessor-version":[{"id":519,"href":"http:\/\/www.corsicanow.com\/fr\/wp-json\/wp\/v2\/posts\/518\/revisions\/519"}],"wp:featuredmedia":[{"embeddable":true,"href":"http:\/\/www.corsicanow.com\/fr\/wp-json\/wp\/v2\/media\/572"}],"wp:attachment":[{"href":"http:\/\/www.corsicanow.com\/fr\/wp-json\/wp\/v2\/media?parent=518"}],"wp:term":[{"taxonomy":"category","embeddable":true,"href":"http:\/\/www.corsicanow.com\/fr\/wp-json\/wp\/v2\/categories?post=518"},{"taxonomy":"post_tag","embeddable":true,"href":"http:\/\/www.corsicanow.com\/fr\/wp-json\/wp\/v2\/tags?post=518"}],"curies":[{"name":"wp","href":"https:\/\/api.w.org\/{rel}","templated":true}]}}